{"id":1226,"date":"2026-04-29T14:16:05","date_gmt":"2026-04-29T12:16:05","guid":{"rendered":"https:\/\/vskatzelsdorf.ac.at\/wordpress\/?p=1226"},"modified":"2026-04-29T14:16:05","modified_gmt":"2026-04-29T12:16:05","slug":"waldtag-1a-2","status":"publish","type":"post","link":"https:\/\/vskatzelsdorf.ac.at\/wordpress\/2026\/04\/29\/waldtag-1a-2\/","title":{"rendered":"Waldtag 1A"},"content":{"rendered":"\n<p>Waldtag der 1A<\/p>\n\n\n\n<p>Heute am Mittwoch 29.4. hatte die 1a Klasse ihren 3.Waldtag- zum Thema Fr\u00fchling.<br>Um 8h starteten die Kinder wieder mit Andrea und Georg Richtung Au. Dort bauten alle, in Gruppen eingeteilt, Vogelnester, um anschlie\u00dfend flei\u00dfig W\u00fcrmer f\u00fcr dieses zu holen. So erfuhren sie, dass eine Blaumeise 200 mal am Tag ausfliegen muss, um ihre Jungv\u00f6gel zu f\u00fcttern. Wenn diese \u00e4lter sind, kurz vorm \u201eFl\u00fcggesein&#8220; sogar 800mal . Nach einer St\u00e4rkung durften die Kinder Spitzm\u00e4usejungen nach der Geburt sein. Sie fl\u00fcchteten wie kleine blinde Spitzm\u00e4use &#8211; die Augen mit einer Augenbinde verbunden- vor einem Feind z.B. dem Fuchs .<br>Auch heute haben wir wieder viel \u00fcber Natur im Fr\u00fchling erfahren. Es war ein erlebnisreicher Vormittag.<\/p>\n\n\n\n<figure class=\"wp-block-gallery has-nested-images columns-default is-cropped wp-block-gallery-1 is-layout-flex wp-block-gallery-is-layout-flex\">\n<figure class=\"wp-block-image size-large\"><img loading=\"lazy\" decoding=\"async\" width=\"481\" height=\"640\" data-id=\"1229\" src=\"https:\/\/vskatzelsdorf.ac.at\/wordpress\/wp-content\/uploads\/2026\/04\/K1024_1dedf43e-fc7c-4509-a372-3d9b6ecd00a5-1.jpg\" alt=\"\" class=\"wp-image-1229\" srcset=\"https:\/\/vskatzelsdorf.ac.at\/wordpress\/wp-content\/uploads\/2026\/04\/K1024_1dedf43e-fc7c-4509-a372-3d9b6ecd00a5-1.jpg 481w, https:\/\/vskatzelsdorf.ac.at\/wordpress\/wp-content\/uploads\/2026\/04\/K1024_1dedf43e-fc7c-4509-a372-3d9b6ecd00a5-1-225x300.jpg 225w\" sizes=\"auto, (max-width: 481px) 100vw, 481px\" \/><\/figure>\n\n\n\n<figure class=\"wp-block-image size-full\"><img loading=\"lazy\" decoding=\"async\" width=\"481\" height=\"640\" data-id=\"1234\" src=\"https:\/\/vskatzelsdorf.ac.at\/wordpress\/wp-content\/uploads\/2026\/04\/K1024_d11b0edc-c996-4403-a8fe-66498cbe171b-1.jpg\" alt=\"\" class=\"wp-image-1234\" srcset=\"https:\/\/vskatzelsdorf.ac.at\/wordpress\/wp-content\/uploads\/2026\/04\/K1024_d11b0edc-c996-4403-a8fe-66498cbe171b-1.jpg 481w, https:\/\/vskatzelsdorf.ac.at\/wordpress\/wp-content\/uploads\/2026\/04\/K1024_d11b0edc-c996-4403-a8fe-66498cbe171b-1-225x300.jpg 225w\" sizes=\"auto, (max-width: 481px) 100vw, 481px\" \/><\/figure>\n<\/figure>\n\n\n\n<figure class=\"wp-block-gallery has-nested-images columns-default is-cropped wp-block-gallery-2 is-layout-flex wp-block-gallery-is-layout-flex\">\n<figure class=\"wp-block-image size-large\"><img loading=\"lazy\" decoding=\"async\" width=\"640\" height=\"481\" data-id=\"1233\" src=\"https:\/\/vskatzelsdorf.ac.at\/wordpress\/wp-content\/uploads\/2026\/04\/K1024_11ad0770-8566-4a7a-b3e5-7addf3a30c1e.jpg\" alt=\"\" class=\"wp-image-1233\" srcset=\"https:\/\/vskatzelsdorf.ac.at\/wordpress\/wp-content\/uploads\/2026\/04\/K1024_11ad0770-8566-4a7a-b3e5-7addf3a30c1e.jpg 640w, https:\/\/vskatzelsdorf.ac.at\/wordpress\/wp-content\/uploads\/2026\/04\/K1024_11ad0770-8566-4a7a-b3e5-7addf3a30c1e-300x225.jpg 300w\" sizes=\"auto, (max-width: 640px) 100vw, 640px\" \/><\/figure>\n\n\n\n<figure class=\"wp-block-image size-large\"><img loading=\"lazy\" decoding=\"async\" width=\"640\" height=\"481\" data-id=\"1232\" src=\"https:\/\/vskatzelsdorf.ac.at\/wordpress\/wp-content\/uploads\/2026\/04\/K1024_e5cfc2d5-a69a-45c8-bade-b704591da0e1.jpg\" alt=\"\" class=\"wp-image-1232\" srcset=\"https:\/\/vskatzelsdorf.ac.at\/wordpress\/wp-content\/uploads\/2026\/04\/K1024_e5cfc2d5-a69a-45c8-bade-b704591da0e1.jpg 640w, https:\/\/vskatzelsdorf.ac.at\/wordpress\/wp-content\/uploads\/2026\/04\/K1024_e5cfc2d5-a69a-45c8-bade-b704591da0e1-300x225.jpg 300w\" sizes=\"auto, (max-width: 640px) 100vw, 640px\" \/><\/figure>\n<\/figure>\n\n\n\n<figure class=\"wp-block-gallery has-nested-images columns-default is-cropped wp-block-gallery-3 is-layout-flex wp-block-gallery-is-layout-flex\">\n<figure class=\"wp-block-image size-large\"><img loading=\"lazy\" decoding=\"async\" width=\"640\" height=\"481\" data-id=\"1239\" src=\"https:\/\/vskatzelsdorf.ac.at\/wordpress\/wp-content\/uploads\/2026\/04\/K1024_8fc84165-234b-4b00-95b1-5cba27234828-1.jpg\" alt=\"\" class=\"wp-image-1239\" srcset=\"https:\/\/vskatzelsdorf.ac.at\/wordpress\/wp-content\/uploads\/2026\/04\/K1024_8fc84165-234b-4b00-95b1-5cba27234828-1.jpg 640w, https:\/\/vskatzelsdorf.ac.at\/wordpress\/wp-content\/uploads\/2026\/04\/K1024_8fc84165-234b-4b00-95b1-5cba27234828-1-300x225.jpg 300w\" sizes=\"auto, (max-width: 640px) 100vw, 640px\" \/><\/figure>\n<\/figure>\n","protected":false},"excerpt":{"rendered":"<p>Waldtag der 1A Heute am Mittwoch 29.4. hatte die 1a Klasse ihren 3.Waldtag- zum Thema Fr\u00fchling.Um 8h starteten die Kinder wieder mit Andrea und Georg Richtung Au. Dort bauten alle, &hellip; <a href=\"https:\/\/vskatzelsdorf.ac.at\/wordpress\/2026\/04\/29\/waldtag-1a-2\/\" class=\"more-link\">Continue reading <span class=\"screen-reader-text\">Waldtag 1A<\/span> <span class=\"meta-nav\">&rarr;<\/span><\/a><\/p>\n","protected":false},"author":2,"featured_media":0,"comment_status":"closed","ping_status":"","sticky":false,"template":"","format":"standard","meta":{"_jetpack_memberships_contains_paid_content":false,"footnotes":""},"categories":[1],"tags":[],"class_list":["post-1226","post","type-post","status-publish","format-standard","hentry","category-allgemein"],"jetpack_featured_media_url":"","jetpack_sharing_enabled":true,"_links":{"self":[{"href":"https:\/\/vskatzelsdorf.ac.at\/wordpress\/wp-json\/wp\/v2\/posts\/1226","targetHints":{"allow":["GET"]}}],"collection":[{"href":"https:\/\/vskatzelsdorf.ac.at\/wordpress\/wp-json\/wp\/v2\/posts"}],"about":[{"href":"https:\/\/vskatzelsdorf.ac.at\/wordpress\/wp-json\/wp\/v2\/types\/post"}],"author":[{"embeddable":true,"href":"https:\/\/vskatzelsdorf.ac.at\/wordpress\/wp-json\/wp\/v2\/users\/2"}],"replies":[{"embeddable":true,"href":"https:\/\/vskatzelsdorf.ac.at\/wordpress\/wp-json\/wp\/v2\/comments?post=1226"}],"version-history":[{"count":1,"href":"https:\/\/vskatzelsdorf.ac.at\/wordpress\/wp-json\/wp\/v2\/posts\/1226\/revisions"}],"predecessor-version":[{"id":1240,"href":"https:\/\/vskatzelsdorf.ac.at\/wordpress\/wp-json\/wp\/v2\/posts\/1226\/revisions\/1240"}],"wp:attachment":[{"href":"https:\/\/vskatzelsdorf.ac.at\/wordpress\/wp-json\/wp\/v2\/media?parent=1226"}],"wp:term":[{"taxonomy":"category","embeddable":true,"href":"https:\/\/vskatzelsdorf.ac.at\/wordpress\/wp-json\/wp\/v2\/categories?post=1226"},{"taxonomy":"post_tag","embeddable":true,"href":"https:\/\/vskatzelsdorf.ac.at\/wordpress\/wp-json\/wp\/v2\/tags?post=1226"}],"curies":[{"name":"wp","href":"https:\/\/api.w.org\/{rel}","templated":true}]}}